{"id":5692,"date":"2017-03-09T09:00:17","date_gmt":"2017-03-09T12:00:17","guid":{"rendered":"https:\/\/blog.dino.com.br\/?p=5692"},"modified":"2022-07-15T14:31:34","modified_gmt":"2022-07-15T17:31:34","slug":"estrutura-de-uma-noticia-comeco-meio-e-fim","status":"publish","type":"post","link":"https:\/\/dino.com.br\/blog\/estrutura-de-uma-noticia-comeco-meio-e-fim\/","title":{"rendered":"Estrutura de uma not\u00edcia: come\u00e7o, meio e fim"},"content":{"rendered":"\n<p><span style=\"font-weight: 400;\">Entre os muitos estilos textuais, h\u00e1 aquele cujo compromisso com a informa\u00e7\u00e3o se manifesta por meio do relato de fatos que acontecem na sociedade. A not\u00edcia se tornou um dos principais conte\u00fados produzidos por jornalistas mundo afora. Al\u00e9m de retratar textualmente um acontecimento, ela tamb\u00e9m adota a narrativa t\u00e9cnica que exige aten\u00e7\u00e3o e o m\u00e1ximo poss\u00edvel de imparcialidade para que fique a cargo dos leitores interpretarem um ocorrido como, objetivamente, ele se deu.<\/span><\/p>\n\n\n\n<h1 class=\"wp-block-heading\"><b>Como estruturar uma not\u00edcia: come\u00e7o meio e fim<\/b><\/h1>\n\n\n\n<h2 class=\"wp-block-heading\"><b>Hist\u00f3ria<\/b><\/h2>\n\n\n\n<p><span style=\"font-weight: 400;\">O <a href=\"https:\/\/www.dino.com.br\/blog\/conteudo\/como-escrever-textos-jornalisticos-de-sucesso\/\">texto noticioso<\/a> ganhou maior evid\u00eancia quando as reda\u00e7\u00f5es estadunidenses adotaram o estilo \u201chard news\u201d de produ\u00e7\u00e3o de conte\u00fado e, para suprir a demanda constante, criaram o \u201clide\u201d \u2013 uma sequ\u00eancia de perguntas que devem ser respondidas logo no primeiro par\u00e1grafo da not\u00edcia.&nbsp;<\/span><\/p>\n\n\n\n<p><span style=\"font-weight: 400;\">No \u00e2mbito dos ve\u00edculos de comunica\u00e7\u00e3o contempor\u00e2neos, a inten\u00e7\u00e3o \u00e9 proporcionar uma leitura pontual que permita ao p\u00fablico identificar do que se trata o assunto logo no in\u00edcio da mat\u00e9ria.<\/span><\/p>\n\n\n\n<p><b>Pir\u00e2mide invertida<\/b><\/p>\n\n\n\n<p><span style=\"font-weight: 400;\">Outro elemento que deve ser citado \u00e9 o conceito de \u201cpir\u00e2mide invertida\u201d. Trata-se de como \u00e9 estruturada a not\u00edcia. Neste caso, o relato n\u00e3o \u00e9 feito de forma cronol\u00f3gica \u2013 ou seja, seguindo uma linha temporal que vai desde o in\u00edcio at\u00e9 o final do ocorrido -, mas sim, evidenciando o desfecho do fato logo de come\u00e7o.&nbsp;<\/span><\/p>\n\n\n\n<p><span style=\"font-weight: 400;\">Em outras palavras: traz a \u201cbase\u201d do fato (aquela que cont\u00e9m as informa\u00e7\u00f5es mais relevantes) para o topo e o \u201ctopo\u201d (informa\u00e7\u00f5es menos relevantes ligadas ao fato noticiado) para a base.<\/span><\/p>\n\n\n\n<p><i><span style=\"font-weight: 400;\">Para melhor compreender a estrutura da not\u00edcia e suas caracter\u00edsticas, criamos um \u201ctemplate\u201d com detalhes sobre este tipo de texto jornal\u00edstico e como determinadas tem\u00e1ticas podem ser abordadas.<\/span><\/i><\/p>\n\n\n\n<h2 class=\"wp-block-heading\"><b>T\u00edtulo&nbsp;<\/b><\/h2>\n\n\n\n<p><span style=\"font-weight: 400;\">Item indispens\u00e1vel, cuja fun\u00e7\u00e3o \u00e9 dar destaque para o principal elemento da not\u00edcia. Ou seja: aquilo que, de fato, deve ser relatado. Os t\u00edtulos de not\u00edcia precisam:&nbsp;<\/span><\/p>\n\n\n\n<p><span style=\"font-weight: 400;\">\u2022 Ser objetivos e curtos;<\/span><\/p>\n\n\n\n<p><span style=\"font-weight: 400;\">\u2022 Conter ao menos um verbo;&nbsp;<\/span><\/p>\n\n\n\n<p><span style=\"font-weight: 400;\">\u2022 Evitar pontua\u00e7\u00f5es e adjetivos que comprometam a imparcialidade &#8211; por exemplo, pontos de exclama\u00e7\u00e3o e palavras como \u201cmaravilhoso\u201d, \u201c\u00f3timo\u201d, etc.<\/span><\/p>\n\n\n\n<h3 class=\"wp-block-heading\"><b>Exemplos<\/b><\/h3>\n\n\n\n<p><span style=\"font-weight: 400;\">Uma empresa que atua com a loca\u00e7\u00e3o de lanchas contratou os servi\u00e7os do DINO:<\/span><\/p>\n\n\n\n<p><b>Tema<\/b><span style=\"font-weight: 400;\">: O Setor de turismo n\u00e1utico est\u00e1 super aquecido por conta da chegada do ver\u00e3o e retomada do turismo no p\u00f3s-pandemia, al\u00e9m da flexibiliza\u00e7\u00e3o das medidas de distanciamento social<\/span><\/p>\n\n\n\n<p><b>Fato mais importante<\/b><span style=\"font-weight: 400;\">: Aquecimento do turismo n\u00e1utico<\/span><\/p>\n\n\n\n<p><b>T\u00edtulo 1<\/b><span style=\"font-weight: 400;\">: Turismo n\u00e1utico \u00e9 impulsionado pelo ver\u00e3o e f\u00e9rias de fim de ano<\/span><\/p>\n\n\n\n<p><b>T\u00edtulo 2<\/b><span style=\"font-weight: 400;\">: Retomada do turismo impacta positivamente nas modalidades n\u00e1uticas<\/span><\/p>\n\n\n\n<p><b>T\u00edtulo 3<\/b><span style=\"font-weight: 400;\">: Segundo dados, turismo n\u00e1utico cresceu X% em 2021<\/span><\/p>\n\n\n\n<p><i><span style=\"font-weight: 400;\">Obs: toda afirma\u00e7\u00e3o feita no t\u00edtulo deve ser, obrigatoriamente, comprovada por dados ao longo do texto<\/span><\/i><\/p>\n\n\n\n<div class=\"wp-block-image is-style-rounded\"><figure class=\"aligncenter size-full is-resized\"><a href=\"https:\/\/www.dino.com.br\/divulgador_de_noticias\/\" target=\"_blank\" rel=\"noopener\"><img fetchpriority=\"high\" decoding=\"async\" src=\"https:\/\/www.dino.com.br\/wp-content\/uploads\/2022\/07\/3.png\" alt=\"\" class=\"wp-image-27828\" width=\"525\" height=\"135\" srcset=\"https:\/\/dino.com.br\/blog\/wp-content\/uploads\/2022\/07\/3.png 700w, https:\/\/dino.com.br\/blog\/wp-content\/uploads\/2022\/07\/3-300x77.png 300w\" sizes=\"(max-width: 525px) 100vw, 525px\" \/><\/a><\/figure><\/div>\n\n\n\n<div class=\"wp-block-image\">\n<figure class=\"aligncenter size-large\"><\/figure>\n<\/div>\n\n\n\n<h2 class=\"wp-block-heading\"><b>Linha fina ou resumo<\/b><\/h2>\n\n\n\n<p><span style=\"font-weight: 400;\">A linha fina \u2013 ou resumo \u2013 tem como fun\u00e7\u00e3o trazer mais informa\u00e7\u00e3o a respeito do fato noticiado.&nbsp;<\/span><\/p>\n\n\n\n<p><span style=\"font-weight: 400;\">Evidentemente que estas informa\u00e7\u00f5es devem agregar mais sentido ao t\u00edtulo, ampliando seu campo de significado. Seria, a grosso modo, um resumo do que o leitor ir\u00e1 conferir \u2013 e tamb\u00e9m o espa\u00e7o para destacar outros pontos importantes do assunto em quest\u00e3o.<\/span><\/p>\n\n\n\n<p><b>Exemplos<\/b><\/p>\n\n\n\n<p><b>Tema principal<\/b><span style=\"font-weight: 400;\">: O Setor de turismo n\u00e1utico est\u00e1 super aquecido por conta da chegada do ver\u00e3o e retomada do turismo no p\u00f3s-pandemia al\u00e9m da flexibiliza\u00e7\u00e3o das medidas de distanciamento social<\/span><\/p>\n\n\n\n<p><b>T\u00edtulo<\/b><span style=\"font-weight: 400;\">: Segundo dados, turismo n\u00e1utico cresceu X% em 2021<\/span><\/p>\n\n\n\n<p><b>Linha Fina<\/b><span style=\"font-weight: 400;\">: Fatores como a flexibiliza\u00e7\u00e3o do distanciamento social e chegada do ver\u00e3o contribuem para o aquecimento na busca de turistas sobre atra\u00e7\u00f5es n\u00e1uticas em todo litoral brasileiro<\/span><\/p>\n\n\n\n<h2 class=\"wp-block-heading\"><b>Lide ou primeiro par\u00e1grafo&nbsp;<\/b><\/h2>\n\n\n\n<p><span style=\"font-weight: 400;\">Esta \u00e9 a etapa em que o conceito de pir\u00e2mide invertida \u00e9 aplicado na realidade.&nbsp;<\/span><\/p>\n\n\n\n<p><span style=\"font-weight: 400;\">O lide (em ingl\u00eas, \u201clead\u201d) tem como principal fun\u00e7\u00e3o agrupar as informa\u00e7\u00f5es mais relevantes logo no in\u00edcio da not\u00edcia.&nbsp;<\/span><\/p>\n\n\n\n<p><span style=\"font-weight: 400;\">Isso ocorre por meio das respostas \u00e0s seguintes perguntas:&nbsp;<\/span><\/p>\n\n\n\n<p><span style=\"font-weight: 400;\">\u2022 Quem?&nbsp;<\/span><\/p>\n\n\n\n<p><span style=\"font-weight: 400;\"> \u2022 O qu\u00ea?&nbsp;<\/span><\/p>\n\n\n\n<p><span style=\"font-weight: 400;\"> \u2022 Quando?&nbsp;<\/span><\/p>\n\n\n\n<p><span style=\"font-weight: 400;\"> \u2022 Onde?&nbsp;<\/span><\/p>\n\n\n\n<p><span style=\"font-weight: 400;\"> \u2022 Como?&nbsp;<\/span><\/p>\n\n\n\n<p><span style=\"font-weight: 400;\"> \u2022 Por qu\u00ea?&nbsp;<\/span><\/p>\n\n\n\n<p><span style=\"font-weight: 400;\">Obviamente, a ordem pode ser alterada de acordo com o que se deseja enfatizar, por\u00e9m, a estrutura t\u00e9cnica pede para que tais quest\u00f5es sejam respondidas de modo objetivo.<\/span><\/p>\n\n\n\n<h3 class=\"wp-block-heading\"><b>T\u00f3pico frasal<\/b><\/h3>\n\n\n\n<p><span style=\"font-weight: 400;\">H\u00e1 tamb\u00e9m quem leve em considera\u00e7\u00e3o o \u201ct\u00f3pico frasal\u201d, essencial para narrativas.&nbsp;<\/span><\/p>\n\n\n\n<p><span style=\"font-weight: 400;\">Trata-se de uma ora\u00e7\u00e3o que define a ideia central do par\u00e1grafo. Escrita de modo afirmativo essa frase serve de \u201cguia\u201d para que tanto o redator quanto o leitor n\u00e3o percam a linha de racioc\u00ednio proposta no par\u00e1grafo.<\/span><\/p>\n\n\n\n<p><span style=\"font-weight: 400;\">O t\u00f3pico frasal pode existir em todo o restante do texto, tornando a estrutura mais consistente e coerente.<\/span><\/p>\n\n\n\n<h3 class=\"wp-block-heading\"><b>Exemplo <\/b><\/h3>\n\n\n\n<p><b>T\u00edtulo:<\/b><span style=\"font-weight: 400;\"> Segundo dados, turismo n\u00e1utico cresceu X% em 2021<\/span><b>Linha Fina<\/b><span style=\"font-weight: 400;\">:&nbsp; Fatores como a flexibiliza\u00e7\u00e3o do distanciamento social e chegada do ver\u00e3o contribuem para o aquecimento na busca de turistas sobre atra\u00e7\u00f5es n\u00e1uticas em todo litoral brasileiro<\/span><\/p>\n\n\n\n<p><b>Lide e T\u00f3pico Frasal:&nbsp;<\/b><\/p>\n\n\n\n<p><span style=\"font-weight: 400;\">\u2022 T\u00f3pico frasal + Quem?: Turismo n\u00e1utico se apresenta como uma das principais atra\u00e7\u00f5es do ver\u00e3o<\/span><\/p>\n\n\n\n<p><span style=\"font-weight: 400;\"> \u2022 O qu\u00ea? O fato de que o turismo est\u00e1 sendo reaquecido com o avan\u00e7o da vacina\u00e7\u00e3o contra o coronav\u00edrus fez com que diversos departamentos do setor aproveitassem a oportunidade, como foi o caso do turismo n\u00e1utico, o que envolve a embarca\u00e7\u00e3o como principal atra\u00e7\u00e3o.<\/span><\/p>\n\n\n\n<p><span style=\"font-weight: 400;\"> \u2022 Quando? [\u2026] a busca deve permanecer em alta durante todo o ver\u00e3o<\/span><\/p>\n\n\n\n<p><span style=\"font-weight: 400;\"> \u2022 Onde? nas praias do Brasil<\/span><\/p>\n\n\n\n<p><span style=\"font-weight: 400;\"> \u2022 Como? Com as fronteiras se abrindo novamente e chamando mais turistas&nbsp;<\/span><\/p>\n\n\n\n<p><span style=\"font-weight: 400;\"> \u2022 Por qu\u00ea? [\u2026] Por conta da reabertura das fronteiras e libera\u00e7\u00e3o de atra\u00e7\u00f5es tur\u00edsticas, assim como a chegada do ver\u00e3o e f\u00e9rias de final de ano<\/span><\/p>\n\n\n\n<h2 class=\"wp-block-heading\"><b>Corpo da not\u00edcia<\/b><\/h2>\n\n\n\n<p><span style=\"font-weight: 400;\">Nesta parte do processo, o texto come\u00e7a a ganhar \u201ccorpo\u201d.&nbsp;<\/span><\/p>\n\n\n\n<p><span style=\"font-weight: 400;\">Os par\u00e1grafos seguintes devem ser preenchidos com todos os dados, cita\u00e7\u00f5es e todas as informa\u00e7\u00f5es que ajudem a relatar precisamente o fato que est\u00e1 apresentado.&nbsp;&nbsp;<\/span><\/p>\n\n\n\n<p><span style=\"font-weight: 400;\">O \u201ccorpo\u201d da not\u00edcia deve possuir algumas caracter\u00edsticas t\u00edpicas do estilo jornal\u00edstico que ajudam a deixar o material dentro dos padr\u00f5es adotados pelos principais ve\u00edculos de comunica\u00e7\u00e3o. <\/span><\/p>\n\n\n\n<p>S\u00e3o elas:<\/p>\n\n\n\n<h3 class=\"wp-block-heading\"><b>Linguagem<\/b><\/h3>\n\n\n\n<p><span style=\"font-weight: 400;\">Deve ser coloquial para conseguir dialogar com o maior n\u00famero de pessoas poss\u00edvel. Isso n\u00e3o significa que as normas gramaticais possam ser desrespeitadas. Trata-se de usar vocabul\u00e1rio popular, cotidiano e intelig\u00edvel, evitando \u2013 ou adaptando \u2013 termos t\u00e9cnicos demais.<\/span><\/p>\n\n\n\n<h3 class=\"wp-block-heading\"><b>Objetividade e imparcialidade<\/b><\/h3>\n\n\n\n<p><span style=\"font-weight: 400;\">Evidentemente, \u00e9 imposs\u00edvel alcan\u00e7ar 100% de isen\u00e7\u00e3o no texto, afinal, a pr\u00f3pria constru\u00e7\u00e3o do texto e o que ser\u00e1 destacado depende, sim, das escolhas de quem escreve. Mas o alerta \u00e9 pontual: opini\u00e3o \u00e9 o leitor que forma a partir do que voc\u00ea, jornalista, informa.<\/span><\/p>\n\n\n\n<h3 class=\"wp-block-heading\"><b>Narrativa em terceira pessoa<\/b><\/h3>\n\n\n\n<p><span style=\"font-weight: 400;\">O redator se \u201cafasta\u201d do fato e relata o que p\u00f4de observar, n\u00e3o se colocando como narrador participante. Por qu\u00ea? Como dito anteriormente, seu papel \u00e9 informar o leitor por meio de relatos, sem expressar sua opini\u00e3o a respeito.&nbsp;<\/span><\/p>\n\n\n\n<p><span style=\"font-weight: 400;\">Lembre-se que voc\u00ea deve, apenas, informar o leitor, e n\u00e3o convenc\u00ea-lo de algo.<\/span><\/p>\n\n\n\n<h3 class=\"wp-block-heading\"><b>Tempo verbal <\/b><\/h3>\n\n\n\n<p><span style=\"font-weight: 400;\">Preferencialmente no presente. Isso faz com que o relato se mostre mais preciso e recente. Entretanto, em casos de not\u00edcias p\u00f3s-eventos ou resgate de assuntos abordados anteriormente, o tempo verbal deve ser coerente ao contexto, podendo se referir ao passado.<\/span><\/p>\n\n\n\n<h3 class=\"wp-block-heading\"><b>Dados de pesquisa<\/b><\/h3>\n\n\n\n<p><span style=\"font-weight: 400;\">\u00c9 a partir de um fato embasado por um dado que ser\u00e1 poss\u00edvel embasar o que est\u00e1 sendo apontado e dar credibilidade \u00e0 not\u00edcia. Seja no segundo ou terceiro par\u00e1grafo, estes elementos devem ter conex\u00e3o com o tema abordado e, obviamente, os devidos cr\u00e9ditos. H\u00e1 muitas pesquisas divulgadas na web, ent\u00e3o, basta procurar bem e alimentar ainda mais a not\u00edcia com informa\u00e7\u00f5es relevantes.&nbsp;<\/span><\/p>\n\n\n\n<p><i><span style=\"font-weight: 400;\">Lembre-se, tamb\u00e9m, de sempre usar os n\u00fameros mais recentes sobre o tema que est\u00e1 sendo trabalhado. <\/span><\/i><\/p>\n\n\n\n<h3 class=\"wp-block-heading\"><b>Imagens<\/b><\/h3>\n\n\n\n<p><span style=\"font-weight: 400;\">Desde que as <\/span><a href=\"https:\/\/www.dino.com.br\/blog\/assessoria-de-imprensa\/como-produzir-fotos-atrativas-para-o-seu-release\/\" target=\"_blank\" rel=\"noopener\"><span style=\"font-weight: 400;\">imagens<\/span><\/a><span style=\"font-weight: 400;\"> sigam o mesmo caminho dos dados de pesquisa. Devem ter conex\u00e3o com o tema abordado e cr\u00e9ditos remetidos ao fot\u00f3grafo.<\/span><\/p>\n\n\n\n<h2 class=\"wp-block-heading\"><b>\u00daltimo par\u00e1grafo<\/b><\/h2>\n\n\n\n<p><span style=\"font-weight: 400;\">Por fim, o \u00faltimo par\u00e1grafo deve encerrar de prefer\u00eancia com alguma informa\u00e7\u00e3o adicional ou indica\u00e7\u00e3o de leitura complementar que possa ajudar a obter mais dados sobre o assunto.&nbsp;<\/span><\/p>\n\n\n\n<p><span style=\"font-weight: 400;\">Indicar outras mat\u00e9rias, fontes ou textos relacionados com a pauta ajudam a dar mais credibilidade \u00e0 not\u00edcia. O importante \u00e9 chegar at\u00e9 este \u00faltimo trecho com a certeza de que a coer\u00eancia foi mantida ao longo dos par\u00e1grafos. A not\u00edcia n\u00e3o precisa, necessariamente, responder a uma quest\u00e3o sobre o fato relatado. Mas ela precisa sempre informar a respeito dele para que os leitores sejam capazes de buscar suas pr\u00f3prias respostas \u2013 e opini\u00f5es.<\/span><\/p>\n\n\n\n<p><i><span style=\"font-weight: 400;\">Dica: uma boa alternativa pode ser encerrar com as expectativas daquele mercado ou profissional para o pr\u00f3ximo ano sobre o assunto.<\/span><\/i><\/p>\n\n\n\n<p><b>Tema principal:<\/b><span style=\"font-weight: 400;\">&nbsp; O Setor de turismo n\u00e1utico est\u00e1 super aquecido por conta da chegada do ver\u00e3o e retomada do turismo no p\u00f3s-pandemia al\u00e9m da flexibiliza\u00e7\u00e3o das medidas de distanciamento social<\/span><\/p>\n\n\n\n<p><b>Conclus\u00e3o:<\/b><span style=\"font-weight: 400;\"> Ap\u00f3s os dados apresentados, \u00e9 poss\u00edvel que se espere um constante crescimento do setor para o ver\u00e3o de 2022, visto que, at\u00e9 l\u00e1, as medidas de distanciamento social estar\u00e3o ainda mais flex\u00edveis e as fronteiras voltar\u00e3o a permanecer abertas para os turistas que desejam conhecer o litoral brasileiro e desfrutar das atra\u00e7\u00f5es n\u00e1uticas. <\/span><\/p>\n\n\n\n<h2 class=\"wp-block-heading\"><b>Conclus\u00e3o <\/b><\/h2>\n\n\n\n<p><span style=\"font-weight: 400;\">Esta an\u00e1lise estrutural de uma not\u00edcia pode servir de \u201cespinha dorsal\u201d para quem precisa de bases no momento de escrever seu texto. Ainda assim, s\u00e3o vastas as possibilidades de conte\u00fados que podem se tornar not\u00edcia \u2013 basta citar o exemplo do DINO e as publica\u00e7\u00f5es de seus usu\u00e1rios.<\/span><\/p>\n","protected":false},"excerpt":{"rendered":"<p>Entre os muitos estilos textuais, h\u00e1 aquele cujo compromisso com a informa\u00e7\u00e3o se manifesta por meio do relato de fatos que acontecem na sociedade. A not\u00edcia se tornou um dos principais conte\u00fados produzidos por jornalistas mundo afora. Al\u00e9m de retratar textualmente um acontecimento, ela tamb\u00e9m adota a narrativa t\u00e9cnica que exige aten\u00e7\u00e3o e o m\u00e1ximo [&hellip;]<\/p>\n","protected":false},"author":4,"featured_media":16456,"comment_status":"closed","ping_status":"open","sticky":false,"template":"","format":"standard","meta":{"footnotes":""},"categories":[30,39],"tags":[50],"class_list":["post-5692","post","type-post","status-publish","format-standard","has-post-thumbnail","hentry","category-assessoria-de-imprensa","category-jornalismo","tag-estrutura-da-noticia"],"yoast_head":"<!-- This site is optimized with the Yoast SEO plugin v27.1.1 - https:\/\/yoast.com\/product\/yoast-seo-wordpress\/ -->\n<title>Estrutura de uma not\u00edcia: come\u00e7o, meio e fim<\/title>\n<meta name=\"description\" content=\"Elaboramos aqui um template para explicar cada elemento que comp\u00f5e o texto jornal\u00edstico informativo que tem como principal objetivo relatar fatos\" \/>\n<meta name=\"robots\" content=\"index, follow, max-snippet:-1, max-image-preview:large, max-video-preview:-1\" \/>\n<link rel=\"canonical\" href=\"https:\/\/darkgray-goose-732531.hostingersite.com\/blog\/estrutura-de-uma-noticia-comeco-meio-e-fim\/\" \/>\n<meta property=\"og:locale\" content=\"pt_BR\" \/>\n<meta property=\"og:type\" content=\"article\" \/>\n<meta property=\"og:title\" content=\"Estrutura de uma not\u00edcia: come\u00e7o, meio e fim\" \/>\n<meta property=\"og:description\" content=\"Elaboramos aqui um template para explicar cada elemento que comp\u00f5e o texto jornal\u00edstico informativo que tem como principal objetivo relatar fatos\" \/>\n<meta property=\"og:url\" content=\"https:\/\/darkgray-goose-732531.hostingersite.com\/blog\/estrutura-de-uma-noticia-comeco-meio-e-fim\/\" \/>\n<meta property=\"og:site_name\" content=\"Blog\" \/>\n<meta property=\"article:published_time\" content=\"2017-03-09T12:00:17+00:00\" \/>\n<meta property=\"article:modified_time\" content=\"2022-07-15T17:31:34+00:00\" \/>\n<meta property=\"og:image\" content=\"https:\/\/darkgray-goose-732531.hostingersite.com\/blog\/wp-content\/uploads\/2017\/03\/estrutura-de-uma-noticia-comeco-meio-e-fim.jpg\" \/>\n\t<meta property=\"og:image:width\" content=\"626\" \/>\n\t<meta property=\"og:image:height\" content=\"331\" \/>\n\t<meta property=\"og:image:type\" content=\"image\/jpeg\" \/>\n<meta name=\"author\" content=\"DINO\" \/>\n<meta name=\"twitter:card\" content=\"summary_large_image\" \/>\n<meta name=\"twitter:label1\" content=\"Escrito por\" \/>\n\t<meta name=\"twitter:data1\" content=\"DINO\" \/>\n\t<meta name=\"twitter:label2\" content=\"Est. tempo de leitura\" \/>\n\t<meta name=\"twitter:data2\" content=\"9 minutos\" \/>\n<script type=\"application\/ld+json\" class=\"yoast-schema-graph\">{\"@context\":\"https:\/\/schema.org\",\"@graph\":[{\"@type\":\"Article\",\"@id\":\"https:\/\/darkgray-goose-732531.hostingersite.com\/blog\/estrutura-de-uma-noticia-comeco-meio-e-fim\/#article\",\"isPartOf\":{\"@id\":\"https:\/\/darkgray-goose-732531.hostingersite.com\/blog\/estrutura-de-uma-noticia-comeco-meio-e-fim\/\"},\"author\":{\"name\":\"DINO\",\"@id\":\"https:\/\/dino.com.br\/blog\/#\/schema\/person\/85eb59a120724efeda347ea034331673\"},\"headline\":\"Estrutura de uma not\u00edcia: come\u00e7o, meio e fim\",\"datePublished\":\"2017-03-09T12:00:17+00:00\",\"dateModified\":\"2022-07-15T17:31:34+00:00\",\"mainEntityOfPage\":{\"@id\":\"https:\/\/darkgray-goose-732531.hostingersite.com\/blog\/estrutura-de-uma-noticia-comeco-meio-e-fim\/\"},\"wordCount\":1695,\"publisher\":{\"@id\":\"https:\/\/dino.com.br\/blog\/#organization\"},\"image\":{\"@id\":\"https:\/\/darkgray-goose-732531.hostingersite.com\/blog\/estrutura-de-uma-noticia-comeco-meio-e-fim\/#primaryimage\"},\"thumbnailUrl\":\"https:\/\/dino.com.br\/blog\/wp-content\/uploads\/2017\/03\/estrutura-de-uma-noticia-comeco-meio-e-fim.jpg\",\"keywords\":[\"estrutura da not\u00edcia\"],\"articleSection\":[\"Assessoria de Imprensa\",\"Jornalismo\"],\"inLanguage\":\"pt-BR\"},{\"@type\":\"WebPage\",\"@id\":\"https:\/\/darkgray-goose-732531.hostingersite.com\/blog\/estrutura-de-uma-noticia-comeco-meio-e-fim\/\",\"url\":\"https:\/\/darkgray-goose-732531.hostingersite.com\/blog\/estrutura-de-uma-noticia-comeco-meio-e-fim\/\",\"name\":\"Estrutura de uma not\u00edcia: come\u00e7o, meio e fim\",\"isPartOf\":{\"@id\":\"https:\/\/dino.com.br\/blog\/#website\"},\"primaryImageOfPage\":{\"@id\":\"https:\/\/darkgray-goose-732531.hostingersite.com\/blog\/estrutura-de-uma-noticia-comeco-meio-e-fim\/#primaryimage\"},\"image\":{\"@id\":\"https:\/\/darkgray-goose-732531.hostingersite.com\/blog\/estrutura-de-uma-noticia-comeco-meio-e-fim\/#primaryimage\"},\"thumbnailUrl\":\"https:\/\/dino.com.br\/blog\/wp-content\/uploads\/2017\/03\/estrutura-de-uma-noticia-comeco-meio-e-fim.jpg\",\"datePublished\":\"2017-03-09T12:00:17+00:00\",\"dateModified\":\"2022-07-15T17:31:34+00:00\",\"description\":\"Elaboramos aqui um template para explicar cada elemento que comp\u00f5e o texto jornal\u00edstico informativo que tem como principal objetivo relatar fatos\",\"breadcrumb\":{\"@id\":\"https:\/\/darkgray-goose-732531.hostingersite.com\/blog\/estrutura-de-uma-noticia-comeco-meio-e-fim\/#breadcrumb\"},\"inLanguage\":\"pt-BR\",\"potentialAction\":[{\"@type\":\"ReadAction\",\"target\":[\"https:\/\/darkgray-goose-732531.hostingersite.com\/blog\/estrutura-de-uma-noticia-comeco-meio-e-fim\/\"]}]},{\"@type\":\"ImageObject\",\"inLanguage\":\"pt-BR\",\"@id\":\"https:\/\/darkgray-goose-732531.hostingersite.com\/blog\/estrutura-de-uma-noticia-comeco-meio-e-fim\/#primaryimage\",\"url\":\"https:\/\/dino.com.br\/blog\/wp-content\/uploads\/2017\/03\/estrutura-de-uma-noticia-comeco-meio-e-fim.jpg\",\"contentUrl\":\"https:\/\/dino.com.br\/blog\/wp-content\/uploads\/2017\/03\/estrutura-de-uma-noticia-comeco-meio-e-fim.jpg\",\"width\":626,\"height\":331,\"caption\":\"estrutura noticia comeco meio fim\"},{\"@type\":\"BreadcrumbList\",\"@id\":\"https:\/\/darkgray-goose-732531.hostingersite.com\/blog\/estrutura-de-uma-noticia-comeco-meio-e-fim\/#breadcrumb\",\"itemListElement\":[{\"@type\":\"ListItem\",\"position\":1,\"name\":\"In\u00edcio\",\"item\":\"https:\/\/dino.com.br\/blog\/\"},{\"@type\":\"ListItem\",\"position\":2,\"name\":\"Estrutura de uma not\u00edcia: come\u00e7o, meio e fim\"}]},{\"@type\":\"WebSite\",\"@id\":\"https:\/\/dino.com.br\/blog\/#website\",\"url\":\"https:\/\/dino.com.br\/blog\/\",\"name\":\"Blog\",\"description\":\"Dino\",\"publisher\":{\"@id\":\"https:\/\/dino.com.br\/blog\/#organization\"},\"potentialAction\":[{\"@type\":\"SearchAction\",\"target\":{\"@type\":\"EntryPoint\",\"urlTemplate\":\"https:\/\/dino.com.br\/blog\/?s={search_term_string}\"},\"query-input\":{\"@type\":\"PropertyValueSpecification\",\"valueRequired\":true,\"valueName\":\"search_term_string\"}}],\"inLanguage\":\"pt-BR\"},{\"@type\":\"Organization\",\"@id\":\"https:\/\/dino.com.br\/blog\/#organization\",\"name\":\"Dino - Divulgador de Not\u00edcias\",\"url\":\"https:\/\/dino.com.br\/blog\/\",\"logo\":{\"@type\":\"ImageObject\",\"inLanguage\":\"pt-BR\",\"@id\":\"https:\/\/dino.com.br\/blog\/#\/schema\/logo\/image\/\",\"url\":\"https:\/\/dino.com.br\/wp-content\/uploads\/2021\/06\/dino-agencia-de-noticias-corporativas.jpg\",\"contentUrl\":\"https:\/\/dino.com.br\/wp-content\/uploads\/2021\/06\/dino-agencia-de-noticias-corporativas.jpg\",\"width\":147,\"height\":70,\"caption\":\"Dino - Divulgador de Not\u00edcias\"},\"image\":{\"@id\":\"https:\/\/dino.com.br\/blog\/#\/schema\/logo\/image\/\"}},{\"@type\":\"Person\",\"@id\":\"https:\/\/dino.com.br\/blog\/#\/schema\/person\/85eb59a120724efeda347ea034331673\",\"name\":\"DINO\",\"image\":{\"@type\":\"ImageObject\",\"inLanguage\":\"pt-BR\",\"@id\":\"https:\/\/dino.com.br\/blog\/#\/schema\/person\/image\/\",\"url\":\"https:\/\/secure.gravatar.com\/avatar\/795c5b21d9d4c1666b880067ef54a58adcc2f3ff05807036e25ecdc9cee289b0?s=96&d=mm&r=g\",\"contentUrl\":\"https:\/\/secure.gravatar.com\/avatar\/795c5b21d9d4c1666b880067ef54a58adcc2f3ff05807036e25ecdc9cee289b0?s=96&d=mm&r=g\",\"caption\":\"DINO\"},\"url\":\"https:\/\/dino.com.br\/blog\/author\/dino\/\"}]}<\/script>\n<!-- \/ Yoast SEO plugin. -->","yoast_head_json":{"title":"Estrutura de uma not\u00edcia: come\u00e7o, meio e fim","description":"Elaboramos aqui um template para explicar cada elemento que comp\u00f5e o texto jornal\u00edstico informativo que tem como principal objetivo relatar fatos","robots":{"index":"index","follow":"follow","max-snippet":"max-snippet:-1","max-image-preview":"max-image-preview:large","max-video-preview":"max-video-preview:-1"},"canonical":"https:\/\/darkgray-goose-732531.hostingersite.com\/blog\/estrutura-de-uma-noticia-comeco-meio-e-fim\/","og_locale":"pt_BR","og_type":"article","og_title":"Estrutura de uma not\u00edcia: come\u00e7o, meio e fim","og_description":"Elaboramos aqui um template para explicar cada elemento que comp\u00f5e o texto jornal\u00edstico informativo que tem como principal objetivo relatar fatos","og_url":"https:\/\/darkgray-goose-732531.hostingersite.com\/blog\/estrutura-de-uma-noticia-comeco-meio-e-fim\/","og_site_name":"Blog","article_published_time":"2017-03-09T12:00:17+00:00","article_modified_time":"2022-07-15T17:31:34+00:00","og_image":[{"width":626,"height":331,"url":"https:\/\/darkgray-goose-732531.hostingersite.com\/blog\/wp-content\/uploads\/2017\/03\/estrutura-de-uma-noticia-comeco-meio-e-fim.jpg","type":"image\/jpeg"}],"author":"DINO","twitter_card":"summary_large_image","twitter_misc":{"Escrito por":"DINO","Est. tempo de leitura":"9 minutos"},"schema":{"@context":"https:\/\/schema.org","@graph":[{"@type":"Article","@id":"https:\/\/darkgray-goose-732531.hostingersite.com\/blog\/estrutura-de-uma-noticia-comeco-meio-e-fim\/#article","isPartOf":{"@id":"https:\/\/darkgray-goose-732531.hostingersite.com\/blog\/estrutura-de-uma-noticia-comeco-meio-e-fim\/"},"author":{"name":"DINO","@id":"https:\/\/dino.com.br\/blog\/#\/schema\/person\/85eb59a120724efeda347ea034331673"},"headline":"Estrutura de uma not\u00edcia: come\u00e7o, meio e fim","datePublished":"2017-03-09T12:00:17+00:00","dateModified":"2022-07-15T17:31:34+00:00","mainEntityOfPage":{"@id":"https:\/\/darkgray-goose-732531.hostingersite.com\/blog\/estrutura-de-uma-noticia-comeco-meio-e-fim\/"},"wordCount":1695,"publisher":{"@id":"https:\/\/dino.com.br\/blog\/#organization"},"image":{"@id":"https:\/\/darkgray-goose-732531.hostingersite.com\/blog\/estrutura-de-uma-noticia-comeco-meio-e-fim\/#primaryimage"},"thumbnailUrl":"https:\/\/dino.com.br\/blog\/wp-content\/uploads\/2017\/03\/estrutura-de-uma-noticia-comeco-meio-e-fim.jpg","keywords":["estrutura da not\u00edcia"],"articleSection":["Assessoria de Imprensa","Jornalismo"],"inLanguage":"pt-BR"},{"@type":"WebPage","@id":"https:\/\/darkgray-goose-732531.hostingersite.com\/blog\/estrutura-de-uma-noticia-comeco-meio-e-fim\/","url":"https:\/\/darkgray-goose-732531.hostingersite.com\/blog\/estrutura-de-uma-noticia-comeco-meio-e-fim\/","name":"Estrutura de uma not\u00edcia: come\u00e7o, meio e fim","isPartOf":{"@id":"https:\/\/dino.com.br\/blog\/#website"},"primaryImageOfPage":{"@id":"https:\/\/darkgray-goose-732531.hostingersite.com\/blog\/estrutura-de-uma-noticia-comeco-meio-e-fim\/#primaryimage"},"image":{"@id":"https:\/\/darkgray-goose-732531.hostingersite.com\/blog\/estrutura-de-uma-noticia-comeco-meio-e-fim\/#primaryimage"},"thumbnailUrl":"https:\/\/dino.com.br\/blog\/wp-content\/uploads\/2017\/03\/estrutura-de-uma-noticia-comeco-meio-e-fim.jpg","datePublished":"2017-03-09T12:00:17+00:00","dateModified":"2022-07-15T17:31:34+00:00","description":"Elaboramos aqui um template para explicar cada elemento que comp\u00f5e o texto jornal\u00edstico informativo que tem como principal objetivo relatar fatos","breadcrumb":{"@id":"https:\/\/darkgray-goose-732531.hostingersite.com\/blog\/estrutura-de-uma-noticia-comeco-meio-e-fim\/#breadcrumb"},"inLanguage":"pt-BR","potentialAction":[{"@type":"ReadAction","target":["https:\/\/darkgray-goose-732531.hostingersite.com\/blog\/estrutura-de-uma-noticia-comeco-meio-e-fim\/"]}]},{"@type":"ImageObject","inLanguage":"pt-BR","@id":"https:\/\/darkgray-goose-732531.hostingersite.com\/blog\/estrutura-de-uma-noticia-comeco-meio-e-fim\/#primaryimage","url":"https:\/\/dino.com.br\/blog\/wp-content\/uploads\/2017\/03\/estrutura-de-uma-noticia-comeco-meio-e-fim.jpg","contentUrl":"https:\/\/dino.com.br\/blog\/wp-content\/uploads\/2017\/03\/estrutura-de-uma-noticia-comeco-meio-e-fim.jpg","width":626,"height":331,"caption":"estrutura noticia comeco meio fim"},{"@type":"BreadcrumbList","@id":"https:\/\/darkgray-goose-732531.hostingersite.com\/blog\/estrutura-de-uma-noticia-comeco-meio-e-fim\/#breadcrumb","itemListElement":[{"@type":"ListItem","position":1,"name":"In\u00edcio","item":"https:\/\/dino.com.br\/blog\/"},{"@type":"ListItem","position":2,"name":"Estrutura de uma not\u00edcia: come\u00e7o, meio e fim"}]},{"@type":"WebSite","@id":"https:\/\/dino.com.br\/blog\/#website","url":"https:\/\/dino.com.br\/blog\/","name":"Blog","description":"Dino","publisher":{"@id":"https:\/\/dino.com.br\/blog\/#organization"},"potentialAction":[{"@type":"SearchAction","target":{"@type":"EntryPoint","urlTemplate":"https:\/\/dino.com.br\/blog\/?s={search_term_string}"},"query-input":{"@type":"PropertyValueSpecification","valueRequired":true,"valueName":"search_term_string"}}],"inLanguage":"pt-BR"},{"@type":"Organization","@id":"https:\/\/dino.com.br\/blog\/#organization","name":"Dino - Divulgador de Not\u00edcias","url":"https:\/\/dino.com.br\/blog\/","logo":{"@type":"ImageObject","inLanguage":"pt-BR","@id":"https:\/\/dino.com.br\/blog\/#\/schema\/logo\/image\/","url":"https:\/\/dino.com.br\/wp-content\/uploads\/2021\/06\/dino-agencia-de-noticias-corporativas.jpg","contentUrl":"https:\/\/dino.com.br\/wp-content\/uploads\/2021\/06\/dino-agencia-de-noticias-corporativas.jpg","width":147,"height":70,"caption":"Dino - Divulgador de Not\u00edcias"},"image":{"@id":"https:\/\/dino.com.br\/blog\/#\/schema\/logo\/image\/"}},{"@type":"Person","@id":"https:\/\/dino.com.br\/blog\/#\/schema\/person\/85eb59a120724efeda347ea034331673","name":"DINO","image":{"@type":"ImageObject","inLanguage":"pt-BR","@id":"https:\/\/dino.com.br\/blog\/#\/schema\/person\/image\/","url":"https:\/\/secure.gravatar.com\/avatar\/795c5b21d9d4c1666b880067ef54a58adcc2f3ff05807036e25ecdc9cee289b0?s=96&d=mm&r=g","contentUrl":"https:\/\/secure.gravatar.com\/avatar\/795c5b21d9d4c1666b880067ef54a58adcc2f3ff05807036e25ecdc9cee289b0?s=96&d=mm&r=g","caption":"DINO"},"url":"https:\/\/dino.com.br\/blog\/author\/dino\/"}]}},"_links":{"self":[{"href":"https:\/\/dino.com.br\/blog\/wp-json\/wp\/v2\/posts\/5692","targetHints":{"allow":["GET"]}}],"collection":[{"href":"https:\/\/dino.com.br\/blog\/wp-json\/wp\/v2\/posts"}],"about":[{"href":"https:\/\/dino.com.br\/blog\/wp-json\/wp\/v2\/types\/post"}],"author":[{"embeddable":true,"href":"https:\/\/dino.com.br\/blog\/wp-json\/wp\/v2\/users\/4"}],"replies":[{"embeddable":true,"href":"https:\/\/dino.com.br\/blog\/wp-json\/wp\/v2\/comments?post=5692"}],"version-history":[{"count":6,"href":"https:\/\/dino.com.br\/blog\/wp-json\/wp\/v2\/posts\/5692\/revisions"}],"predecessor-version":[{"id":27833,"href":"https:\/\/dino.com.br\/blog\/wp-json\/wp\/v2\/posts\/5692\/revisions\/27833"}],"wp:featuredmedia":[{"embeddable":true,"href":"https:\/\/dino.com.br\/blog\/wp-json\/wp\/v2\/media\/16456"}],"wp:attachment":[{"href":"https:\/\/dino.com.br\/blog\/wp-json\/wp\/v2\/media?parent=5692"}],"wp:term":[{"taxonomy":"category","embeddable":true,"href":"https:\/\/dino.com.br\/blog\/wp-json\/wp\/v2\/categories?post=5692"},{"taxonomy":"post_tag","embeddable":true,"href":"https:\/\/dino.com.br\/blog\/wp-json\/wp\/v2\/tags?post=5692"}],"curies":[{"name":"wp","href":"https:\/\/api.w.org\/{rel}","templated":true}]}}